{"id":324,"date":"2018-12-23T17:46:53","date_gmt":"2018-12-23T16:46:53","guid":{"rendered":"http:\/\/noe-gvv.at\/?p=324"},"modified":"2019-09-24T00:17:29","modified_gmt":"2019-09-23T22:17:29","slug":"frohes-weihnachtsfest-und-ein-erfolgreiches-jahr-2019-wuenscht-ihnen-der-gvv","status":"publish","type":"post","link":"https:\/\/noe-gvv.at\/?p=324","title":{"rendered":"Frohes Weihnachtsfest und ein erfolgreiches Jahr 2019 w\u00fcnscht Ihnen der GVV!"},"content":{"rendered":"\r\n\r\nSehr geehrte Damen und Herren, liebe Freunde!\r\n\r\n&nbsp;\r\n\r\n\r\n\r\n\r\n\r\nIm Namen des GVV N\u00d6 w\u00fcnsche ich Euch ein gesegnetes Weihnachtsfest und Einen guten\r\n\r\nRutsch ins Jahr 2019!\r\n\r\n\r\n\r\n\r\n\r\n&nbsp;\r\n\r\n\r\n\r\n\r\n\r\nIch m\u00f6chte mich bei Euch f\u00fcr die gute Zusammenarbeit und Unterst\u00fctzung bedanken,\r\n\r\n\r\n\r\n\r\n\r\nund freue mich mit Euch gemeinsam auch 2019 weiterhin f\u00fcr die Interessen der B\u00fcrgerlisten\r\n\r\n\r\n\r\n\r\n\r\nzu Arbeiten.\r\n\r\n&nbsp;\r\n\r\n&nbsp;\r\n\r\n\r\n\r\n\r\n\r\nRoland Edinger\r\n\r\n\r\n\r\n\r\n\r\nObmann\r\n\r\n","protected":false},"excerpt":{"rendered":"<p>Sehr geehrte Damen und Herren, liebe Freunde! &nbsp; Im Namen des GVV N\u00d6 w\u00fcnsche ich Euch ein gesegnetes Weihnachtsfest und Einen guten Rutsch ins Jahr 2019! &nbsp; Ich m\u00f6chte mich bei Euch f\u00fcr die gute Zusammenarbeit und Unterst\u00fctzung bedanken, und freue mich mit Euch gemeinsam auch 2019 weiterhin f\u00fcr die Interessen der B\u00fcrgerlisten zu Arbeiten.&hellip;<\/p>\n","protected":false},"author":2,"featured_media":322,"comment_status":"closed","ping_status":"closed","sticky":false,"template":"","format":"standard","meta":{"footnotes":""},"categories":[39],"tags":[34,33,35,31,8,37,36],"class_list":["post-324","post","type-post","status-publish","format-standard","has-post-thumbnail","hentry","category-sonstiges","tag-gemeinderat","tag-gemeinderaete","tag-gemeindevertreter","tag-gvv","tag-gvv-niederoesterreich","tag-niederoesterreich","tag-noe"],"yoast_head":"<!-- This site is optimized with the Yoast SEO plugin v23.1 - https:\/\/yoast.com\/wordpress\/plugins\/seo\/ -->\n<title>Frohes Weihnachtsfest und ein erfolgreiches Jahr 2019 w\u00fcnscht Ihnen der GVV! - N\u00d6 GVV<\/title>\n<meta name=\"robots\" content=\"index, follow, max-snippet:-1, max-image-preview:large, max-video-preview:-1\" \/>\n<link rel=\"canonical\" href=\"https:\/\/noe-gvv.at\/?p=324\" \/>\n<meta property=\"og:locale\" content=\"de_DE\" \/>\n<meta property=\"og:type\" content=\"article\" \/>\n<meta property=\"og:title\" content=\"Frohes Weihnachtsfest und ein erfolgreiches Jahr 2019 w\u00fcnscht Ihnen der GVV! - N\u00d6 GVV\" \/>\n<meta property=\"og:description\" content=\"Sehr geehrte Damen und Herren, liebe Freunde! &nbsp; Im Namen des GVV N\u00d6 w\u00fcnsche ich Euch ein gesegnetes Weihnachtsfest und Einen guten Rutsch ins Jahr 2019! &nbsp; Ich m\u00f6chte mich bei Euch f\u00fcr die gute Zusammenarbeit und Unterst\u00fctzung bedanken, und freue mich mit Euch gemeinsam auch 2019 weiterhin f\u00fcr die Interessen der B\u00fcrgerlisten zu Arbeiten.&hellip;\" \/>\n<meta property=\"og:url\" content=\"https:\/\/noe-gvv.at\/?p=324\" \/>\n<meta property=\"og:site_name\" content=\"N\u00d6 GVV\" \/>\n<meta property=\"article:published_time\" content=\"2018-12-23T16:46:53+00:00\" \/>\n<meta property=\"article:modified_time\" content=\"2019-09-23T22:17:29+00:00\" \/>\n<meta property=\"og:image\" content=\"https:\/\/noe-gvv.at\/wp-content\/uploads\/2018\/12\/walnut-3871625_1920.jpg\" \/>\n\t<meta property=\"og:image:width\" content=\"1920\" \/>\n\t<meta property=\"og:image:height\" content=\"1060\" \/>\n\t<meta property=\"og:image:type\" content=\"image\/jpeg\" \/>\n<meta name=\"author\" content=\"Roland Edinger\" \/>\n<meta name=\"twitter:card\" content=\"summary_large_image\" \/>\n<meta name=\"twitter:label1\" content=\"Verfasst von\" \/>\n\t<meta name=\"twitter:data1\" content=\"Roland Edinger\" \/>\n<script type=\"application\/ld+json\" class=\"yoast-schema-graph\">{\"@context\":\"https:\/\/schema.org\",\"@graph\":[{\"@type\":\"WebPage\",\"@id\":\"https:\/\/noe-gvv.at\/?p=324\",\"url\":\"https:\/\/noe-gvv.at\/?p=324\",\"name\":\"Frohes Weihnachtsfest und ein erfolgreiches Jahr 2019 w\u00fcnscht Ihnen der GVV! - N\u00d6 GVV\",\"isPartOf\":{\"@id\":\"https:\/\/noe-gvv.at\/#website\"},\"primaryImageOfPage\":{\"@id\":\"https:\/\/noe-gvv.at\/?p=324#primaryimage\"},\"image\":{\"@id\":\"https:\/\/noe-gvv.at\/?p=324#primaryimage\"},\"thumbnailUrl\":\"https:\/\/noe-gvv.at\/wp-content\/uploads\/2018\/12\/walnut-3871625_1920.jpg\",\"datePublished\":\"2018-12-23T16:46:53+00:00\",\"dateModified\":\"2019-09-23T22:17:29+00:00\",\"author\":{\"@id\":\"https:\/\/noe-gvv.at\/#\/schema\/person\/d604b9cf9abfb492fb19870b8fdef1b3\"},\"breadcrumb\":{\"@id\":\"https:\/\/noe-gvv.at\/?p=324#breadcrumb\"},\"inLanguage\":\"de\",\"potentialAction\":[{\"@type\":\"ReadAction\",\"target\":[\"https:\/\/noe-gvv.at\/?p=324\"]}]},{\"@type\":\"ImageObject\",\"inLanguage\":\"de\",\"@id\":\"https:\/\/noe-gvv.at\/?p=324#primaryimage\",\"url\":\"https:\/\/noe-gvv.at\/wp-content\/uploads\/2018\/12\/walnut-3871625_1920.jpg\",\"contentUrl\":\"https:\/\/noe-gvv.at\/wp-content\/uploads\/2018\/12\/walnut-3871625_1920.jpg\",\"width\":1920,\"height\":1060},{\"@type\":\"BreadcrumbList\",\"@id\":\"https:\/\/noe-gvv.at\/?p=324#breadcrumb\",\"itemListElement\":[{\"@type\":\"ListItem\",\"position\":1,\"name\":\"Startseite\",\"item\":\"https:\/\/noe-gvv.at\/\"},{\"@type\":\"ListItem\",\"position\":2,\"name\":\"Frohes Weihnachtsfest und ein erfolgreiches Jahr 2019 w\u00fcnscht Ihnen der GVV!\"}]},{\"@type\":\"WebSite\",\"@id\":\"https:\/\/noe-gvv.at\/#website\",\"url\":\"https:\/\/noe-gvv.at\/\",\"name\":\"N\u00d6 GVV\",\"description\":\"PARTEIUNABH\u00c4NIGER GEMEINDEVERTRETER NIEDER\u00d6STERREICH\",\"potentialAction\":[{\"@type\":\"SearchAction\",\"target\":{\"@type\":\"EntryPoint\",\"urlTemplate\":\"https:\/\/noe-gvv.at\/?s={search_term_string}\"},\"query-input\":\"required name=search_term_string\"}],\"inLanguage\":\"de\"},{\"@type\":\"Person\",\"@id\":\"https:\/\/noe-gvv.at\/#\/schema\/person\/d604b9cf9abfb492fb19870b8fdef1b3\",\"name\":\"Roland Edinger\",\"image\":{\"@type\":\"ImageObject\",\"inLanguage\":\"de\",\"@id\":\"https:\/\/noe-gvv.at\/#\/schema\/person\/image\/\",\"url\":\"https:\/\/secure.gravatar.com\/avatar\/8b83a2dc8d03d6c587b3860acda637ec?s=96&d=mm&r=g\",\"contentUrl\":\"https:\/\/secure.gravatar.com\/avatar\/8b83a2dc8d03d6c587b3860acda637ec?s=96&d=mm&r=g\",\"caption\":\"Roland Edinger\"},\"url\":\"https:\/\/noe-gvv.at\/?author=2\"}]}<\/script>\n<!-- \/ Yoast SEO plugin. -->","yoast_head_json":{"title":"Frohes Weihnachtsfest und ein erfolgreiches Jahr 2019 w\u00fcnscht Ihnen der GVV! - N\u00d6 GVV","robots":{"index":"index","follow":"follow","max-snippet":"max-snippet:-1","max-image-preview":"max-image-preview:large","max-video-preview":"max-video-preview:-1"},"canonical":"https:\/\/noe-gvv.at\/?p=324","og_locale":"de_DE","og_type":"article","og_title":"Frohes Weihnachtsfest und ein erfolgreiches Jahr 2019 w\u00fcnscht Ihnen der GVV! - N\u00d6 GVV","og_description":"Sehr geehrte Damen und Herren, liebe Freunde! &nbsp; Im Namen des GVV N\u00d6 w\u00fcnsche ich Euch ein gesegnetes Weihnachtsfest und Einen guten Rutsch ins Jahr 2019! &nbsp; Ich m\u00f6chte mich bei Euch f\u00fcr die gute Zusammenarbeit und Unterst\u00fctzung bedanken, und freue mich mit Euch gemeinsam auch 2019 weiterhin f\u00fcr die Interessen der B\u00fcrgerlisten zu Arbeiten.&hellip;","og_url":"https:\/\/noe-gvv.at\/?p=324","og_site_name":"N\u00d6 GVV","article_published_time":"2018-12-23T16:46:53+00:00","article_modified_time":"2019-09-23T22:17:29+00:00","og_image":[{"width":1920,"height":1060,"url":"https:\/\/noe-gvv.at\/wp-content\/uploads\/2018\/12\/walnut-3871625_1920.jpg","type":"image\/jpeg"}],"author":"Roland Edinger","twitter_card":"summary_large_image","twitter_misc":{"Verfasst von":"Roland Edinger"},"schema":{"@context":"https:\/\/schema.org","@graph":[{"@type":"WebPage","@id":"https:\/\/noe-gvv.at\/?p=324","url":"https:\/\/noe-gvv.at\/?p=324","name":"Frohes Weihnachtsfest und ein erfolgreiches Jahr 2019 w\u00fcnscht Ihnen der GVV! - N\u00d6 GVV","isPartOf":{"@id":"https:\/\/noe-gvv.at\/#website"},"primaryImageOfPage":{"@id":"https:\/\/noe-gvv.at\/?p=324#primaryimage"},"image":{"@id":"https:\/\/noe-gvv.at\/?p=324#primaryimage"},"thumbnailUrl":"https:\/\/noe-gvv.at\/wp-content\/uploads\/2018\/12\/walnut-3871625_1920.jpg","datePublished":"2018-12-23T16:46:53+00:00","dateModified":"2019-09-23T22:17:29+00:00","author":{"@id":"https:\/\/noe-gvv.at\/#\/schema\/person\/d604b9cf9abfb492fb19870b8fdef1b3"},"breadcrumb":{"@id":"https:\/\/noe-gvv.at\/?p=324#breadcrumb"},"inLanguage":"de","potentialAction":[{"@type":"ReadAction","target":["https:\/\/noe-gvv.at\/?p=324"]}]},{"@type":"ImageObject","inLanguage":"de","@id":"https:\/\/noe-gvv.at\/?p=324#primaryimage","url":"https:\/\/noe-gvv.at\/wp-content\/uploads\/2018\/12\/walnut-3871625_1920.jpg","contentUrl":"https:\/\/noe-gvv.at\/wp-content\/uploads\/2018\/12\/walnut-3871625_1920.jpg","width":1920,"height":1060},{"@type":"BreadcrumbList","@id":"https:\/\/noe-gvv.at\/?p=324#breadcrumb","itemListElement":[{"@type":"ListItem","position":1,"name":"Startseite","item":"https:\/\/noe-gvv.at\/"},{"@type":"ListItem","position":2,"name":"Frohes Weihnachtsfest und ein erfolgreiches Jahr 2019 w\u00fcnscht Ihnen der GVV!"}]},{"@type":"WebSite","@id":"https:\/\/noe-gvv.at\/#website","url":"https:\/\/noe-gvv.at\/","name":"N\u00d6 GVV","description":"PARTEIUNABH\u00c4NIGER GEMEINDEVERTRETER NIEDER\u00d6STERREICH","potentialAction":[{"@type":"SearchAction","target":{"@type":"EntryPoint","urlTemplate":"https:\/\/noe-gvv.at\/?s={search_term_string}"},"query-input":"required name=search_term_string"}],"inLanguage":"de"},{"@type":"Person","@id":"https:\/\/noe-gvv.at\/#\/schema\/person\/d604b9cf9abfb492fb19870b8fdef1b3","name":"Roland Edinger","image":{"@type":"ImageObject","inLanguage":"de","@id":"https:\/\/noe-gvv.at\/#\/schema\/person\/image\/","url":"https:\/\/secure.gravatar.com\/avatar\/8b83a2dc8d03d6c587b3860acda637ec?s=96&d=mm&r=g","contentUrl":"https:\/\/secure.gravatar.com\/avatar\/8b83a2dc8d03d6c587b3860acda637ec?s=96&d=mm&r=g","caption":"Roland Edinger"},"url":"https:\/\/noe-gvv.at\/?author=2"}]}},"_links":{"self":[{"href":"https:\/\/noe-gvv.at\/index.php?rest_route=\/wp\/v2\/posts\/324"}],"collection":[{"href":"https:\/\/noe-gvv.at\/index.php?rest_route=\/wp\/v2\/posts"}],"about":[{"href":"https:\/\/noe-gvv.at\/index.php?rest_route=\/wp\/v2\/types\/post"}],"author":[{"embeddable":true,"href":"https:\/\/noe-gvv.at\/index.php?rest_route=\/wp\/v2\/users\/2"}],"replies":[{"embeddable":true,"href":"https:\/\/noe-gvv.at\/index.php?rest_route=%2Fwp%2Fv2%2Fcomments&post=324"}],"version-history":[{"count":6,"href":"https:\/\/noe-gvv.at\/index.php?rest_route=\/wp\/v2\/posts\/324\/revisions"}],"predecessor-version":[{"id":340,"href":"https:\/\/noe-gvv.at\/index.php?rest_route=\/wp\/v2\/posts\/324\/revisions\/340"}],"wp:featuredmedia":[{"embeddable":true,"href":"https:\/\/noe-gvv.at\/index.php?rest_route=\/wp\/v2\/media\/322"}],"wp:attachment":[{"href":"https:\/\/noe-gvv.at\/index.php?rest_route=%2Fwp%2Fv2%2Fmedia&parent=324"}],"wp:term":[{"taxonomy":"category","embeddable":true,"href":"https:\/\/noe-gvv.at\/index.php?rest_route=%2Fwp%2Fv2%2Fcategories&post=324"},{"taxonomy":"post_tag","embeddable":true,"href":"https:\/\/noe-gvv.at\/index.php?rest_route=%2Fwp%2Fv2%2Ftags&post=324"}],"curies":[{"name":"wp","href":"https:\/\/api.w.org\/{rel}","templated":true}]}}