{"id":357,"date":"2018-07-28T09:30:28","date_gmt":"2018-07-28T07:30:28","guid":{"rendered":"http:\/\/noe-gvv.at\/?p=357"},"modified":"2019-09-23T23:16:28","modified_gmt":"2019-09-23T21:16:28","slug":"schulung-des-gvv-2","status":"publish","type":"post","link":"https:\/\/noe-gvv.at\/?p=357","title":{"rendered":"Schulung des GVV &#8211; Medien und Rhetorik"},"content":{"rendered":"\n<p>Schulung zum Thema Medientraining und Rhetorik von Mag. Eva Maria Pfisterer<\/p>\n\n\n\n<figure class=\"wp-block-image\"><img loading=\"lazy\" decoding=\"async\" width=\"640\" height=\"480\" src=\"http:\/\/noe-gvv.at\/wp-content\/uploads\/2019\/09\/20180728_Schulung_Rhetorik_2.jpg\" alt=\"\" class=\"wp-image-358\" srcset=\"https:\/\/noe-gvv.at\/wp-content\/uploads\/2019\/09\/20180728_Schulung_Rhetorik_2.jpg 640w, https:\/\/noe-gvv.at\/wp-content\/uploads\/2019\/09\/20180728_Schulung_Rhetorik_2-300x225.jpg 300w, https:\/\/noe-gvv.at\/wp-content\/uploads\/2019\/09\/20180728_Schulung_Rhetorik_2-120x90.jpg 120w\" sizes=\"(max-width: 640px) 100vw, 640px\" \/><figcaption>Schulung Rhetorik am 28.07.2018<\/figcaption><\/figure>\n\n\n\n<p><\/p>\n","protected":false},"excerpt":{"rendered":"<p>Schulung zum Thema Medientraining und Rhetorik von Mag. Eva Maria Pfisterer<\/p>\n","protected":false},"author":3,"featured_media":362,"comment_status":"closed","ping_status":"closed","sticky":false,"template":"","format":"standard","meta":{"footnotes":""},"categories":[7],"tags":[34,33,35,31,8,37,36,9,32],"class_list":["post-357","post","type-post","status-publish","format-standard","has-post-thumbnail","hentry","category-schulungen","tag-gemeinderat","tag-gemeinderaete","tag-gemeindevertreter","tag-gvv","tag-gvv-niederoesterreich","tag-niederoesterreich","tag-noe","tag-schulung","tag-schulungen"],"yoast_head":"<!-- This site is optimized with the Yoast SEO plugin v23.1 - https:\/\/yoast.com\/wordpress\/plugins\/seo\/ -->\n<title>Schulung des GVV - Medien und Rhetorik - N\u00d6 GVV<\/title>\n<meta name=\"robots\" content=\"index, follow, max-snippet:-1, max-image-preview:large, max-video-preview:-1\" \/>\n<link rel=\"canonical\" href=\"https:\/\/noe-gvv.at\/?p=357\" \/>\n<meta property=\"og:locale\" content=\"de_DE\" \/>\n<meta property=\"og:type\" content=\"article\" \/>\n<meta property=\"og:title\" content=\"Schulung des GVV - Medien und Rhetorik - N\u00d6 GVV\" \/>\n<meta property=\"og:description\" content=\"Schulung zum Thema Medientraining und Rhetorik von Mag. Eva Maria Pfisterer\" \/>\n<meta property=\"og:url\" content=\"https:\/\/noe-gvv.at\/?p=357\" \/>\n<meta property=\"og:site_name\" content=\"N\u00d6 GVV\" \/>\n<meta property=\"article:published_time\" content=\"2018-07-28T07:30:28+00:00\" \/>\n<meta property=\"article:modified_time\" content=\"2019-09-23T21:16:28+00:00\" \/>\n<meta property=\"og:image\" content=\"https:\/\/noe-gvv.at\/wp-content\/uploads\/2019\/09\/20180728_Schulung_Rhetorik_1.jpg\" \/>\n\t<meta property=\"og:image:width\" content=\"640\" \/>\n\t<meta property=\"og:image:height\" content=\"480\" \/>\n\t<meta property=\"og:image:type\" content=\"image\/jpeg\" \/>\n<meta name=\"author\" content=\"Thomas Zeimke\" \/>\n<meta name=\"twitter:card\" content=\"summary_large_image\" \/>\n<meta name=\"twitter:label1\" content=\"Verfasst von\" \/>\n\t<meta name=\"twitter:data1\" content=\"Thomas Zeimke\" \/>\n<script type=\"application\/ld+json\" class=\"yoast-schema-graph\">{\"@context\":\"https:\/\/schema.org\",\"@graph\":[{\"@type\":\"WebPage\",\"@id\":\"https:\/\/noe-gvv.at\/?p=357\",\"url\":\"https:\/\/noe-gvv.at\/?p=357\",\"name\":\"Schulung des GVV - Medien und Rhetorik - N\u00d6 GVV\",\"isPartOf\":{\"@id\":\"https:\/\/noe-gvv.at\/#website\"},\"primaryImageOfPage\":{\"@id\":\"https:\/\/noe-gvv.at\/?p=357#primaryimage\"},\"image\":{\"@id\":\"https:\/\/noe-gvv.at\/?p=357#primaryimage\"},\"thumbnailUrl\":\"https:\/\/noe-gvv.at\/wp-content\/uploads\/2019\/09\/20180728_Schulung_Rhetorik_1.jpg\",\"datePublished\":\"2018-07-28T07:30:28+00:00\",\"dateModified\":\"2019-09-23T21:16:28+00:00\",\"author\":{\"@id\":\"https:\/\/noe-gvv.at\/#\/schema\/person\/a2d45033999e9427944442e8760c42bb\"},\"breadcrumb\":{\"@id\":\"https:\/\/noe-gvv.at\/?p=357#breadcrumb\"},\"inLanguage\":\"de\",\"potentialAction\":[{\"@type\":\"ReadAction\",\"target\":[\"https:\/\/noe-gvv.at\/?p=357\"]}]},{\"@type\":\"ImageObject\",\"inLanguage\":\"de\",\"@id\":\"https:\/\/noe-gvv.at\/?p=357#primaryimage\",\"url\":\"https:\/\/noe-gvv.at\/wp-content\/uploads\/2019\/09\/20180728_Schulung_Rhetorik_1.jpg\",\"contentUrl\":\"https:\/\/noe-gvv.at\/wp-content\/uploads\/2019\/09\/20180728_Schulung_Rhetorik_1.jpg\",\"width\":640,\"height\":480,\"caption\":\"Schulung Rhetorik am 28.07.2018\"},{\"@type\":\"BreadcrumbList\",\"@id\":\"https:\/\/noe-gvv.at\/?p=357#breadcrumb\",\"itemListElement\":[{\"@type\":\"ListItem\",\"position\":1,\"name\":\"Startseite\",\"item\":\"https:\/\/noe-gvv.at\/\"},{\"@type\":\"ListItem\",\"position\":2,\"name\":\"Schulung des GVV &#8211; Medien und Rhetorik\"}]},{\"@type\":\"WebSite\",\"@id\":\"https:\/\/noe-gvv.at\/#website\",\"url\":\"https:\/\/noe-gvv.at\/\",\"name\":\"N\u00d6 GVV\",\"description\":\"PARTEIUNABH\u00c4NIGER GEMEINDEVERTRETER NIEDER\u00d6STERREICH\",\"potentialAction\":[{\"@type\":\"SearchAction\",\"target\":{\"@type\":\"EntryPoint\",\"urlTemplate\":\"https:\/\/noe-gvv.at\/?s={search_term_string}\"},\"query-input\":\"required name=search_term_string\"}],\"inLanguage\":\"de\"},{\"@type\":\"Person\",\"@id\":\"https:\/\/noe-gvv.at\/#\/schema\/person\/a2d45033999e9427944442e8760c42bb\",\"name\":\"Thomas Zeimke\",\"image\":{\"@type\":\"ImageObject\",\"inLanguage\":\"de\",\"@id\":\"https:\/\/noe-gvv.at\/#\/schema\/person\/image\/\",\"url\":\"https:\/\/secure.gravatar.com\/avatar\/e196f807aaea51f45be54b4118a91475?s=96&d=mm&r=g\",\"contentUrl\":\"https:\/\/secure.gravatar.com\/avatar\/e196f807aaea51f45be54b4118a91475?s=96&d=mm&r=g\",\"caption\":\"Thomas Zeimke\"},\"sameAs\":[\"https:\/\/www.npos.at\/\"],\"url\":\"https:\/\/noe-gvv.at\/?author=3\"}]}<\/script>\n<!-- \/ Yoast SEO plugin. -->","yoast_head_json":{"title":"Schulung des GVV - Medien und Rhetorik - N\u00d6 GVV","robots":{"index":"index","follow":"follow","max-snippet":"max-snippet:-1","max-image-preview":"max-image-preview:large","max-video-preview":"max-video-preview:-1"},"canonical":"https:\/\/noe-gvv.at\/?p=357","og_locale":"de_DE","og_type":"article","og_title":"Schulung des GVV - Medien und Rhetorik - N\u00d6 GVV","og_description":"Schulung zum Thema Medientraining und Rhetorik von Mag. Eva Maria Pfisterer","og_url":"https:\/\/noe-gvv.at\/?p=357","og_site_name":"N\u00d6 GVV","article_published_time":"2018-07-28T07:30:28+00:00","article_modified_time":"2019-09-23T21:16:28+00:00","og_image":[{"width":640,"height":480,"url":"https:\/\/noe-gvv.at\/wp-content\/uploads\/2019\/09\/20180728_Schulung_Rhetorik_1.jpg","type":"image\/jpeg"}],"author":"Thomas Zeimke","twitter_card":"summary_large_image","twitter_misc":{"Verfasst von":"Thomas Zeimke"},"schema":{"@context":"https:\/\/schema.org","@graph":[{"@type":"WebPage","@id":"https:\/\/noe-gvv.at\/?p=357","url":"https:\/\/noe-gvv.at\/?p=357","name":"Schulung des GVV - Medien und Rhetorik - N\u00d6 GVV","isPartOf":{"@id":"https:\/\/noe-gvv.at\/#website"},"primaryImageOfPage":{"@id":"https:\/\/noe-gvv.at\/?p=357#primaryimage"},"image":{"@id":"https:\/\/noe-gvv.at\/?p=357#primaryimage"},"thumbnailUrl":"https:\/\/noe-gvv.at\/wp-content\/uploads\/2019\/09\/20180728_Schulung_Rhetorik_1.jpg","datePublished":"2018-07-28T07:30:28+00:00","dateModified":"2019-09-23T21:16:28+00:00","author":{"@id":"https:\/\/noe-gvv.at\/#\/schema\/person\/a2d45033999e9427944442e8760c42bb"},"breadcrumb":{"@id":"https:\/\/noe-gvv.at\/?p=357#breadcrumb"},"inLanguage":"de","potentialAction":[{"@type":"ReadAction","target":["https:\/\/noe-gvv.at\/?p=357"]}]},{"@type":"ImageObject","inLanguage":"de","@id":"https:\/\/noe-gvv.at\/?p=357#primaryimage","url":"https:\/\/noe-gvv.at\/wp-content\/uploads\/2019\/09\/20180728_Schulung_Rhetorik_1.jpg","contentUrl":"https:\/\/noe-gvv.at\/wp-content\/uploads\/2019\/09\/20180728_Schulung_Rhetorik_1.jpg","width":640,"height":480,"caption":"Schulung Rhetorik am 28.07.2018"},{"@type":"BreadcrumbList","@id":"https:\/\/noe-gvv.at\/?p=357#breadcrumb","itemListElement":[{"@type":"ListItem","position":1,"name":"Startseite","item":"https:\/\/noe-gvv.at\/"},{"@type":"ListItem","position":2,"name":"Schulung des GVV &#8211; Medien und Rhetorik"}]},{"@type":"WebSite","@id":"https:\/\/noe-gvv.at\/#website","url":"https:\/\/noe-gvv.at\/","name":"N\u00d6 GVV","description":"PARTEIUNABH\u00c4NIGER GEMEINDEVERTRETER NIEDER\u00d6STERREICH","potentialAction":[{"@type":"SearchAction","target":{"@type":"EntryPoint","urlTemplate":"https:\/\/noe-gvv.at\/?s={search_term_string}"},"query-input":"required name=search_term_string"}],"inLanguage":"de"},{"@type":"Person","@id":"https:\/\/noe-gvv.at\/#\/schema\/person\/a2d45033999e9427944442e8760c42bb","name":"Thomas Zeimke","image":{"@type":"ImageObject","inLanguage":"de","@id":"https:\/\/noe-gvv.at\/#\/schema\/person\/image\/","url":"https:\/\/secure.gravatar.com\/avatar\/e196f807aaea51f45be54b4118a91475?s=96&d=mm&r=g","contentUrl":"https:\/\/secure.gravatar.com\/avatar\/e196f807aaea51f45be54b4118a91475?s=96&d=mm&r=g","caption":"Thomas Zeimke"},"sameAs":["https:\/\/www.npos.at\/"],"url":"https:\/\/noe-gvv.at\/?author=3"}]}},"_links":{"self":[{"href":"https:\/\/noe-gvv.at\/index.php?rest_route=\/wp\/v2\/posts\/357"}],"collection":[{"href":"https:\/\/noe-gvv.at\/index.php?rest_route=\/wp\/v2\/posts"}],"about":[{"href":"https:\/\/noe-gvv.at\/index.php?rest_route=\/wp\/v2\/types\/post"}],"author":[{"embeddable":true,"href":"https:\/\/noe-gvv.at\/index.php?rest_route=\/wp\/v2\/users\/3"}],"replies":[{"embeddable":true,"href":"https:\/\/noe-gvv.at\/index.php?rest_route=%2Fwp%2Fv2%2Fcomments&post=357"}],"version-history":[{"count":3,"href":"https:\/\/noe-gvv.at\/index.php?rest_route=\/wp\/v2\/posts\/357\/revisions"}],"predecessor-version":[{"id":361,"href":"https:\/\/noe-gvv.at\/index.php?rest_route=\/wp\/v2\/posts\/357\/revisions\/361"}],"wp:featuredmedia":[{"embeddable":true,"href":"https:\/\/noe-gvv.at\/index.php?rest_route=\/wp\/v2\/media\/362"}],"wp:attachment":[{"href":"https:\/\/noe-gvv.at\/index.php?rest_route=%2Fwp%2Fv2%2Fmedia&parent=357"}],"wp:term":[{"taxonomy":"category","embeddable":true,"href":"https:\/\/noe-gvv.at\/index.php?rest_route=%2Fwp%2Fv2%2Fcategories&post=357"},{"taxonomy":"post_tag","embeddable":true,"href":"https:\/\/noe-gvv.at\/index.php?rest_route=%2Fwp%2Fv2%2Ftags&post=357"}],"curies":[{"name":"wp","href":"https:\/\/api.w.org\/{rel}","templated":true}]}}