{"id":369,"date":"2019-03-02T00:00:40","date_gmt":"2019-03-01T23:00:40","guid":{"rendered":"http:\/\/noe-gvv.at\/?p=369"},"modified":"2019-09-24T00:04:27","modified_gmt":"2019-09-23T22:04:27","slug":"schulung-des-gvv-3","status":"publish","type":"post","link":"https:\/\/noe-gvv.at\/?p=369","title":{"rendered":"Schulung des GVV &#8211; Pressearbeit"},"content":{"rendered":"\n<p>Vortragender Walter Krichbaumer sen<\/p>\n","protected":false},"excerpt":{"rendered":"<p>Vortragender Walter Krichbaumer sen<\/p>\n","protected":false},"author":3,"featured_media":0,"comment_status":"closed","ping_status":"closed","sticky":false,"template":"","format":"standard","meta":{"footnotes":""},"categories":[7],"tags":[34,33,35,31,8,37,36,9,32],"class_list":["post-369","post","type-post","status-publish","format-standard","hentry","category-schulungen","tag-gemeinderat","tag-gemeinderaete","tag-gemeindevertreter","tag-gvv","tag-gvv-niederoesterreich","tag-niederoesterreich","tag-noe","tag-schulung","tag-schulungen"],"yoast_head":"<!-- This site is optimized with the Yoast SEO plugin v23.1 - https:\/\/yoast.com\/wordpress\/plugins\/seo\/ -->\n<title>Schulung des GVV - Pressearbeit - N\u00d6 GVV<\/title>\n<meta name=\"robots\" content=\"index, follow, max-snippet:-1, max-image-preview:large, max-video-preview:-1\" \/>\n<link rel=\"canonical\" href=\"https:\/\/noe-gvv.at\/?p=369\" \/>\n<meta property=\"og:locale\" content=\"de_DE\" \/>\n<meta property=\"og:type\" content=\"article\" \/>\n<meta property=\"og:title\" content=\"Schulung des GVV - Pressearbeit - N\u00d6 GVV\" \/>\n<meta property=\"og:description\" content=\"Vortragender Walter Krichbaumer sen\" \/>\n<meta property=\"og:url\" content=\"https:\/\/noe-gvv.at\/?p=369\" \/>\n<meta property=\"og:site_name\" content=\"N\u00d6 GVV\" \/>\n<meta property=\"article:published_time\" content=\"2019-03-01T23:00:40+00:00\" \/>\n<meta property=\"article:modified_time\" content=\"2019-09-23T22:04:27+00:00\" \/>\n<meta name=\"author\" content=\"Thomas Zeimke\" \/>\n<meta name=\"twitter:card\" content=\"summary_large_image\" \/>\n<meta name=\"twitter:label1\" content=\"Verfasst von\" \/>\n\t<meta name=\"twitter:data1\" content=\"Thomas Zeimke\" \/>\n<script type=\"application\/ld+json\" class=\"yoast-schema-graph\">{\"@context\":\"https:\/\/schema.org\",\"@graph\":[{\"@type\":\"WebPage\",\"@id\":\"https:\/\/noe-gvv.at\/?p=369\",\"url\":\"https:\/\/noe-gvv.at\/?p=369\",\"name\":\"Schulung des GVV - Pressearbeit - N\u00d6 GVV\",\"isPartOf\":{\"@id\":\"https:\/\/noe-gvv.at\/#website\"},\"datePublished\":\"2019-03-01T23:00:40+00:00\",\"dateModified\":\"2019-09-23T22:04:27+00:00\",\"author\":{\"@id\":\"https:\/\/noe-gvv.at\/#\/schema\/person\/a2d45033999e9427944442e8760c42bb\"},\"breadcrumb\":{\"@id\":\"https:\/\/noe-gvv.at\/?p=369#breadcrumb\"},\"inLanguage\":\"de\",\"potentialAction\":[{\"@type\":\"ReadAction\",\"target\":[\"https:\/\/noe-gvv.at\/?p=369\"]}]},{\"@type\":\"BreadcrumbList\",\"@id\":\"https:\/\/noe-gvv.at\/?p=369#breadcrumb\",\"itemListElement\":[{\"@type\":\"ListItem\",\"position\":1,\"name\":\"Startseite\",\"item\":\"https:\/\/noe-gvv.at\/\"},{\"@type\":\"ListItem\",\"position\":2,\"name\":\"Schulung des GVV &#8211; Pressearbeit\"}]},{\"@type\":\"WebSite\",\"@id\":\"https:\/\/noe-gvv.at\/#website\",\"url\":\"https:\/\/noe-gvv.at\/\",\"name\":\"N\u00d6 GVV\",\"description\":\"PARTEIUNABH\u00c4NIGER GEMEINDEVERTRETER NIEDER\u00d6STERREICH\",\"potentialAction\":[{\"@type\":\"SearchAction\",\"target\":{\"@type\":\"EntryPoint\",\"urlTemplate\":\"https:\/\/noe-gvv.at\/?s={search_term_string}\"},\"query-input\":\"required name=search_term_string\"}],\"inLanguage\":\"de\"},{\"@type\":\"Person\",\"@id\":\"https:\/\/noe-gvv.at\/#\/schema\/person\/a2d45033999e9427944442e8760c42bb\",\"name\":\"Thomas Zeimke\",\"image\":{\"@type\":\"ImageObject\",\"inLanguage\":\"de\",\"@id\":\"https:\/\/noe-gvv.at\/#\/schema\/person\/image\/\",\"url\":\"https:\/\/secure.gravatar.com\/avatar\/e196f807aaea51f45be54b4118a91475?s=96&d=mm&r=g\",\"contentUrl\":\"https:\/\/secure.gravatar.com\/avatar\/e196f807aaea51f45be54b4118a91475?s=96&d=mm&r=g\",\"caption\":\"Thomas Zeimke\"},\"sameAs\":[\"https:\/\/www.npos.at\/\"],\"url\":\"https:\/\/noe-gvv.at\/?author=3\"}]}<\/script>\n<!-- \/ Yoast SEO plugin. -->","yoast_head_json":{"title":"Schulung des GVV - Pressearbeit - N\u00d6 GVV","robots":{"index":"index","follow":"follow","max-snippet":"max-snippet:-1","max-image-preview":"max-image-preview:large","max-video-preview":"max-video-preview:-1"},"canonical":"https:\/\/noe-gvv.at\/?p=369","og_locale":"de_DE","og_type":"article","og_title":"Schulung des GVV - Pressearbeit - N\u00d6 GVV","og_description":"Vortragender Walter Krichbaumer sen","og_url":"https:\/\/noe-gvv.at\/?p=369","og_site_name":"N\u00d6 GVV","article_published_time":"2019-03-01T23:00:40+00:00","article_modified_time":"2019-09-23T22:04:27+00:00","author":"Thomas Zeimke","twitter_card":"summary_large_image","twitter_misc":{"Verfasst von":"Thomas Zeimke"},"schema":{"@context":"https:\/\/schema.org","@graph":[{"@type":"WebPage","@id":"https:\/\/noe-gvv.at\/?p=369","url":"https:\/\/noe-gvv.at\/?p=369","name":"Schulung des GVV - Pressearbeit - N\u00d6 GVV","isPartOf":{"@id":"https:\/\/noe-gvv.at\/#website"},"datePublished":"2019-03-01T23:00:40+00:00","dateModified":"2019-09-23T22:04:27+00:00","author":{"@id":"https:\/\/noe-gvv.at\/#\/schema\/person\/a2d45033999e9427944442e8760c42bb"},"breadcrumb":{"@id":"https:\/\/noe-gvv.at\/?p=369#breadcrumb"},"inLanguage":"de","potentialAction":[{"@type":"ReadAction","target":["https:\/\/noe-gvv.at\/?p=369"]}]},{"@type":"BreadcrumbList","@id":"https:\/\/noe-gvv.at\/?p=369#breadcrumb","itemListElement":[{"@type":"ListItem","position":1,"name":"Startseite","item":"https:\/\/noe-gvv.at\/"},{"@type":"ListItem","position":2,"name":"Schulung des GVV &#8211; Pressearbeit"}]},{"@type":"WebSite","@id":"https:\/\/noe-gvv.at\/#website","url":"https:\/\/noe-gvv.at\/","name":"N\u00d6 GVV","description":"PARTEIUNABH\u00c4NIGER GEMEINDEVERTRETER NIEDER\u00d6STERREICH","potentialAction":[{"@type":"SearchAction","target":{"@type":"EntryPoint","urlTemplate":"https:\/\/noe-gvv.at\/?s={search_term_string}"},"query-input":"required name=search_term_string"}],"inLanguage":"de"},{"@type":"Person","@id":"https:\/\/noe-gvv.at\/#\/schema\/person\/a2d45033999e9427944442e8760c42bb","name":"Thomas Zeimke","image":{"@type":"ImageObject","inLanguage":"de","@id":"https:\/\/noe-gvv.at\/#\/schema\/person\/image\/","url":"https:\/\/secure.gravatar.com\/avatar\/e196f807aaea51f45be54b4118a91475?s=96&d=mm&r=g","contentUrl":"https:\/\/secure.gravatar.com\/avatar\/e196f807aaea51f45be54b4118a91475?s=96&d=mm&r=g","caption":"Thomas Zeimke"},"sameAs":["https:\/\/www.npos.at\/"],"url":"https:\/\/noe-gvv.at\/?author=3"}]}},"_links":{"self":[{"href":"https:\/\/noe-gvv.at\/index.php?rest_route=\/wp\/v2\/posts\/369"}],"collection":[{"href":"https:\/\/noe-gvv.at\/index.php?rest_route=\/wp\/v2\/posts"}],"about":[{"href":"https:\/\/noe-gvv.at\/index.php?rest_route=\/wp\/v2\/types\/post"}],"author":[{"embeddable":true,"href":"https:\/\/noe-gvv.at\/index.php?rest_route=\/wp\/v2\/users\/3"}],"replies":[{"embeddable":true,"href":"https:\/\/noe-gvv.at\/index.php?rest_route=%2Fwp%2Fv2%2Fcomments&post=369"}],"version-history":[{"count":2,"href":"https:\/\/noe-gvv.at\/index.php?rest_route=\/wp\/v2\/posts\/369\/revisions"}],"predecessor-version":[{"id":386,"href":"https:\/\/noe-gvv.at\/index.php?rest_route=\/wp\/v2\/posts\/369\/revisions\/386"}],"wp:attachment":[{"href":"https:\/\/noe-gvv.at\/index.php?rest_route=%2Fwp%2Fv2%2Fmedia&parent=369"}],"wp:term":[{"taxonomy":"category","embeddable":true,"href":"https:\/\/noe-gvv.at\/index.php?rest_route=%2Fwp%2Fv2%2Fcategories&post=369"},{"taxonomy":"post_tag","embeddable":true,"href":"https:\/\/noe-gvv.at\/index.php?rest_route=%2Fwp%2Fv2%2Ftags&post=369"}],"curies":[{"name":"wp","href":"https:\/\/api.w.org\/{rel}","templated":true}]}}