{"id":374,"date":"2018-03-03T14:30:45","date_gmt":"2018-03-03T13:30:45","guid":{"rendered":"http:\/\/noe-gvv.at\/?p=374"},"modified":"2019-09-24T00:11:46","modified_gmt":"2019-09-23T22:11:46","slug":"generalversammlung","status":"publish","type":"post","link":"https:\/\/noe-gvv.at\/?p=374","title":{"rendered":"Generalversammlung"},"content":{"rendered":"\n<p style=\"text-align:center\">Ordentliche Generalversammlung am 03.03.2018 um 14:30 Uhr<\/p>\n","protected":false},"excerpt":{"rendered":"<p>Ordentliche Generalversammlung am 03.03.2018 um 14:30 Uhr<\/p>\n","protected":false},"author":3,"featured_media":0,"comment_status":"open","ping_status":"open","sticky":false,"template":"","format":"standard","meta":{"footnotes":""},"categories":[1],"tags":[34,33,35,38,31,8,37,36],"class_list":["post-374","post","type-post","status-publish","format-standard","hentry","category-generalversammlungen","tag-gemeinderat","tag-gemeinderaete","tag-gemeindevertreter","tag-generalversammlung","tag-gvv","tag-gvv-niederoesterreich","tag-niederoesterreich","tag-noe"],"yoast_head":"<!-- This site is optimized with the Yoast SEO plugin v23.1 - https:\/\/yoast.com\/wordpress\/plugins\/seo\/ -->\n<title>Generalversammlung - N\u00d6 GVV<\/title>\n<meta name=\"robots\" content=\"index, follow, max-snippet:-1, max-image-preview:large, max-video-preview:-1\" \/>\n<link rel=\"canonical\" href=\"https:\/\/noe-gvv.at\/?p=374\" \/>\n<meta property=\"og:locale\" content=\"de_DE\" \/>\n<meta property=\"og:type\" content=\"article\" \/>\n<meta property=\"og:title\" content=\"Generalversammlung - N\u00d6 GVV\" \/>\n<meta property=\"og:description\" content=\"Ordentliche Generalversammlung am 03.03.2018 um 14:30 Uhr\" \/>\n<meta property=\"og:url\" content=\"https:\/\/noe-gvv.at\/?p=374\" \/>\n<meta property=\"og:site_name\" content=\"N\u00d6 GVV\" \/>\n<meta property=\"article:published_time\" content=\"2018-03-03T13:30:45+00:00\" \/>\n<meta property=\"article:modified_time\" content=\"2019-09-23T22:11:46+00:00\" \/>\n<meta name=\"author\" content=\"Thomas Zeimke\" \/>\n<meta name=\"twitter:card\" content=\"summary_large_image\" \/>\n<meta name=\"twitter:label1\" content=\"Verfasst von\" \/>\n\t<meta name=\"twitter:data1\" content=\"Thomas Zeimke\" \/>\n<script type=\"application\/ld+json\" class=\"yoast-schema-graph\">{\"@context\":\"https:\/\/schema.org\",\"@graph\":[{\"@type\":\"WebPage\",\"@id\":\"https:\/\/noe-gvv.at\/?p=374\",\"url\":\"https:\/\/noe-gvv.at\/?p=374\",\"name\":\"Generalversammlung - N\u00d6 GVV\",\"isPartOf\":{\"@id\":\"https:\/\/noe-gvv.at\/#website\"},\"datePublished\":\"2018-03-03T13:30:45+00:00\",\"dateModified\":\"2019-09-23T22:11:46+00:00\",\"author\":{\"@id\":\"https:\/\/noe-gvv.at\/#\/schema\/person\/a2d45033999e9427944442e8760c42bb\"},\"breadcrumb\":{\"@id\":\"https:\/\/noe-gvv.at\/?p=374#breadcrumb\"},\"inLanguage\":\"de\",\"potentialAction\":[{\"@type\":\"ReadAction\",\"target\":[\"https:\/\/noe-gvv.at\/?p=374\"]}]},{\"@type\":\"BreadcrumbList\",\"@id\":\"https:\/\/noe-gvv.at\/?p=374#breadcrumb\",\"itemListElement\":[{\"@type\":\"ListItem\",\"position\":1,\"name\":\"Startseite\",\"item\":\"https:\/\/noe-gvv.at\/\"},{\"@type\":\"ListItem\",\"position\":2,\"name\":\"Generalversammlung\"}]},{\"@type\":\"WebSite\",\"@id\":\"https:\/\/noe-gvv.at\/#website\",\"url\":\"https:\/\/noe-gvv.at\/\",\"name\":\"N\u00d6 GVV\",\"description\":\"PARTEIUNABH\u00c4NIGER GEMEINDEVERTRETER NIEDER\u00d6STERREICH\",\"potentialAction\":[{\"@type\":\"SearchAction\",\"target\":{\"@type\":\"EntryPoint\",\"urlTemplate\":\"https:\/\/noe-gvv.at\/?s={search_term_string}\"},\"query-input\":\"required name=search_term_string\"}],\"inLanguage\":\"de\"},{\"@type\":\"Person\",\"@id\":\"https:\/\/noe-gvv.at\/#\/schema\/person\/a2d45033999e9427944442e8760c42bb\",\"name\":\"Thomas Zeimke\",\"image\":{\"@type\":\"ImageObject\",\"inLanguage\":\"de\",\"@id\":\"https:\/\/noe-gvv.at\/#\/schema\/person\/image\/\",\"url\":\"https:\/\/secure.gravatar.com\/avatar\/e196f807aaea51f45be54b4118a91475?s=96&d=mm&r=g\",\"contentUrl\":\"https:\/\/secure.gravatar.com\/avatar\/e196f807aaea51f45be54b4118a91475?s=96&d=mm&r=g\",\"caption\":\"Thomas Zeimke\"},\"sameAs\":[\"https:\/\/www.npos.at\/\"],\"url\":\"https:\/\/noe-gvv.at\/?author=3\"}]}<\/script>\n<!-- \/ Yoast SEO plugin. -->","yoast_head_json":{"title":"Generalversammlung - N\u00d6 GVV","robots":{"index":"index","follow":"follow","max-snippet":"max-snippet:-1","max-image-preview":"max-image-preview:large","max-video-preview":"max-video-preview:-1"},"canonical":"https:\/\/noe-gvv.at\/?p=374","og_locale":"de_DE","og_type":"article","og_title":"Generalversammlung - N\u00d6 GVV","og_description":"Ordentliche Generalversammlung am 03.03.2018 um 14:30 Uhr","og_url":"https:\/\/noe-gvv.at\/?p=374","og_site_name":"N\u00d6 GVV","article_published_time":"2018-03-03T13:30:45+00:00","article_modified_time":"2019-09-23T22:11:46+00:00","author":"Thomas Zeimke","twitter_card":"summary_large_image","twitter_misc":{"Verfasst von":"Thomas Zeimke"},"schema":{"@context":"https:\/\/schema.org","@graph":[{"@type":"WebPage","@id":"https:\/\/noe-gvv.at\/?p=374","url":"https:\/\/noe-gvv.at\/?p=374","name":"Generalversammlung - N\u00d6 GVV","isPartOf":{"@id":"https:\/\/noe-gvv.at\/#website"},"datePublished":"2018-03-03T13:30:45+00:00","dateModified":"2019-09-23T22:11:46+00:00","author":{"@id":"https:\/\/noe-gvv.at\/#\/schema\/person\/a2d45033999e9427944442e8760c42bb"},"breadcrumb":{"@id":"https:\/\/noe-gvv.at\/?p=374#breadcrumb"},"inLanguage":"de","potentialAction":[{"@type":"ReadAction","target":["https:\/\/noe-gvv.at\/?p=374"]}]},{"@type":"BreadcrumbList","@id":"https:\/\/noe-gvv.at\/?p=374#breadcrumb","itemListElement":[{"@type":"ListItem","position":1,"name":"Startseite","item":"https:\/\/noe-gvv.at\/"},{"@type":"ListItem","position":2,"name":"Generalversammlung"}]},{"@type":"WebSite","@id":"https:\/\/noe-gvv.at\/#website","url":"https:\/\/noe-gvv.at\/","name":"N\u00d6 GVV","description":"PARTEIUNABH\u00c4NIGER GEMEINDEVERTRETER NIEDER\u00d6STERREICH","potentialAction":[{"@type":"SearchAction","target":{"@type":"EntryPoint","urlTemplate":"https:\/\/noe-gvv.at\/?s={search_term_string}"},"query-input":"required name=search_term_string"}],"inLanguage":"de"},{"@type":"Person","@id":"https:\/\/noe-gvv.at\/#\/schema\/person\/a2d45033999e9427944442e8760c42bb","name":"Thomas Zeimke","image":{"@type":"ImageObject","inLanguage":"de","@id":"https:\/\/noe-gvv.at\/#\/schema\/person\/image\/","url":"https:\/\/secure.gravatar.com\/avatar\/e196f807aaea51f45be54b4118a91475?s=96&d=mm&r=g","contentUrl":"https:\/\/secure.gravatar.com\/avatar\/e196f807aaea51f45be54b4118a91475?s=96&d=mm&r=g","caption":"Thomas Zeimke"},"sameAs":["https:\/\/www.npos.at\/"],"url":"https:\/\/noe-gvv.at\/?author=3"}]}},"_links":{"self":[{"href":"https:\/\/noe-gvv.at\/index.php?rest_route=\/wp\/v2\/posts\/374"}],"collection":[{"href":"https:\/\/noe-gvv.at\/index.php?rest_route=\/wp\/v2\/posts"}],"about":[{"href":"https:\/\/noe-gvv.at\/index.php?rest_route=\/wp\/v2\/types\/post"}],"author":[{"embeddable":true,"href":"https:\/\/noe-gvv.at\/index.php?rest_route=\/wp\/v2\/users\/3"}],"replies":[{"embeddable":true,"href":"https:\/\/noe-gvv.at\/index.php?rest_route=%2Fwp%2Fv2%2Fcomments&post=374"}],"version-history":[{"count":1,"href":"https:\/\/noe-gvv.at\/index.php?rest_route=\/wp\/v2\/posts\/374\/revisions"}],"predecessor-version":[{"id":375,"href":"https:\/\/noe-gvv.at\/index.php?rest_route=\/wp\/v2\/posts\/374\/revisions\/375"}],"wp:attachment":[{"href":"https:\/\/noe-gvv.at\/index.php?rest_route=%2Fwp%2Fv2%2Fmedia&parent=374"}],"wp:term":[{"taxonomy":"category","embeddable":true,"href":"https:\/\/noe-gvv.at\/index.php?rest_route=%2Fwp%2Fv2%2Fcategories&post=374"},{"taxonomy":"post_tag","embeddable":true,"href":"https:\/\/noe-gvv.at\/index.php?rest_route=%2Fwp%2Fv2%2Ftags&post=374"}],"curies":[{"name":"wp","href":"https:\/\/api.w.org\/{rel}","templated":true}]}}